{"id":842,"date":"2024-11-20T16:59:59","date_gmt":"2024-11-20T15:59:59","guid":{"rendered":"https:\/\/www.avdel-vwsv.ch\/?p=842"},"modified":"2025-04-28T17:00:58","modified_gmt":"2025-04-28T15:00:58","slug":"bundesrat-setzt-erstes-paket-des-bundesgesetzes-fuer-eine-sichere-stromversorgung-in-kraft","status":"publish","type":"post","link":"https:\/\/www.avdel-vwsv.ch\/de\/bundesrat-setzt-erstes-paket-des-bundesgesetzes-fuer-eine-sichere-stromversorgung-in-kraft\/","title":{"rendered":"Bundesrat setzt erstes Paket des Bundesgesetzes f\u00fcr eine sichere Stromversorgung in Kraft"},"content":{"rendered":"<p>Das Bundesgesetz \u00fcber eine sichere Stromversorgung mit erneuerbaren Energien wurde von der Schweizer Stimmbev\u00f6lkerung am 9. Juni 2024 angenommen. Den Vollzug der neuen Regelungen hat der Bundesrat am 20. November 2024 in verschiedenen Verordnungen pr\u00e4zisiert. Um der Strombranche gen\u00fcgend Zeit f\u00fcr die Umsetzung gewisser Massnahmen zu geben, setzt er die Gesetzes\u00e4nderungen und die Verordnungen gestaffelt in Kraft. Das erste Paket tritt per 1. Januar 2025 in Kraft.<\/p>\n<p>Mehr Infos :<a href=\"https:\/\/www.news.admin.ch\/de\/nsb?id=103203\">https:\/\/www.news.admin.ch\/de\/nsb?id=103203<\/a><\/p>\n","protected":false},"excerpt":{"rendered":"<p>Das Bundesgesetz \u00fcber eine sichere Stromversorgung mit erneuerbaren Energien wurde von der Schweizer Stimmbev\u00f6lkerung am 9. Juni 2024 angenommen. Den Vollzug der neuen Regelungen hat der Bundesrat am 20. November 2024 in verschiedenen Verordnungen pr\u00e4zisiert. Um der Strombranche gen\u00fcgend Zeit f\u00fcr die Umsetzung gewisser Massnahmen zu geben, setzt er die Gesetzes\u00e4nderungen und die Verordnungen gestaffelt [&hellip;]<\/p>\n","protected":false},"author":4,"featured_media":419,"comment_status":"closed","ping_status":"closed","sticky":false,"template":"","format":"standard","meta":{"_acf_changed":false,"inline_featured_image":false,"footnotes":""},"categories":[2],"tags":[],"class_list":["post-842","post","type-post","status-publish","format-standard","has-post-thumbnail","hentry","category-unkategorisiert"],"acf":[],"yoast_head":"<!-- This site is optimized with the Yoast SEO plugin v27.5 - https:\/\/yoast.com\/product\/yoast-seo-wordpress\/ -->\n<title>Bundesrat setzt erstes Paket des Bundesgesetzes f\u00fcr eine sichere Stromversorgung in Kraft - Association valaisanne des distributeurs d&#039;\u00e9lectricit\u00e9<\/title>\n<meta name=\"robots\" content=\"index, follow, max-snippet:-1, max-image-preview:large, max-video-preview:-1\" \/>\n<link rel=\"canonical\" href=\"https:\/\/www.avdel-vwsv.ch\/de\/bundesrat-setzt-erstes-paket-des-bundesgesetzes-fuer-eine-sichere-stromversorgung-in-kraft\/\" \/>\n<meta property=\"og:locale\" content=\"de_DE\" \/>\n<meta property=\"og:type\" content=\"article\" \/>\n<meta property=\"og:title\" content=\"Bundesrat setzt erstes Paket des Bundesgesetzes f\u00fcr eine sichere Stromversorgung in Kraft - Association valaisanne des distributeurs d&#039;\u00e9lectricit\u00e9\" \/>\n<meta property=\"og:description\" content=\"Das Bundesgesetz \u00fcber eine sichere Stromversorgung mit erneuerbaren Energien wurde von der Schweizer Stimmbev\u00f6lkerung am 9. Juni 2024 angenommen. Den Vollzug der neuen Regelungen hat der Bundesrat am 20. November 2024 in verschiedenen Verordnungen pr\u00e4zisiert. Um der Strombranche gen\u00fcgend Zeit f\u00fcr die Umsetzung gewisser Massnahmen zu geben, setzt er die Gesetzes\u00e4nderungen und die Verordnungen gestaffelt [&hellip;]\" \/>\n<meta property=\"og:url\" content=\"https:\/\/www.avdel-vwsv.ch\/de\/bundesrat-setzt-erstes-paket-des-bundesgesetzes-fuer-eine-sichere-stromversorgung-in-kraft\/\" \/>\n<meta property=\"og:site_name\" content=\"Association valaisanne des distributeurs d&#039;\u00e9lectricit\u00e9\" \/>\n<meta property=\"article:published_time\" content=\"2024-11-20T15:59:59+00:00\" \/>\n<meta property=\"article:modified_time\" content=\"2025-04-28T15:00:58+00:00\" \/>\n<meta property=\"og:image\" content=\"https:\/\/www.avdel-vwsv.ch\/wp-content\/uploads\/2023\/04\/Formation-scaled.jpeg\" \/>\n\t<meta property=\"og:image:width\" content=\"2560\" \/>\n\t<meta property=\"og:image:height\" content=\"1707\" \/>\n\t<meta property=\"og:image:type\" content=\"image\/jpeg\" \/>\n<meta name=\"author\" content=\"avdel\" \/>\n<meta name=\"twitter:card\" content=\"summary_large_image\" \/>\n<meta name=\"twitter:label1\" content=\"Verfasst von\" \/>\n\t<meta name=\"twitter:data1\" content=\"avdel\" \/>\n\t<meta name=\"twitter:label2\" content=\"Gesch\u00e4tzte Lesezeit\" \/>\n\t<meta name=\"twitter:data2\" content=\"1\u00a0Minute\" \/>\n<script type=\"application\/ld+json\" class=\"yoast-schema-graph\">{\"@context\":\"https:\\\/\\\/schema.org\",\"@graph\":[{\"@type\":\"Article\",\"@id\":\"https:\\\/\\\/www.avdel-vwsv.ch\\\/de\\\/bundesrat-setzt-erstes-paket-des-bundesgesetzes-fuer-eine-sichere-stromversorgung-in-kraft\\\/#article\",\"isPartOf\":{\"@id\":\"https:\\\/\\\/www.avdel-vwsv.ch\\\/de\\\/bundesrat-setzt-erstes-paket-des-bundesgesetzes-fuer-eine-sichere-stromversorgung-in-kraft\\\/\"},\"author\":{\"name\":\"avdel\",\"@id\":\"https:\\\/\\\/www.avdel-vwsv.ch\\\/de\\\/#\\\/schema\\\/person\\\/6e0cf2aa35015c49ee07e596da010c5d\"},\"headline\":\"Bundesrat setzt erstes Paket des Bundesgesetzes f\u00fcr eine sichere Stromversorgung in Kraft\",\"datePublished\":\"2024-11-20T15:59:59+00:00\",\"dateModified\":\"2025-04-28T15:00:58+00:00\",\"mainEntityOfPage\":{\"@id\":\"https:\\\/\\\/www.avdel-vwsv.ch\\\/de\\\/bundesrat-setzt-erstes-paket-des-bundesgesetzes-fuer-eine-sichere-stromversorgung-in-kraft\\\/\"},\"wordCount\":89,\"publisher\":{\"@id\":\"https:\\\/\\\/www.avdel-vwsv.ch\\\/de\\\/#organization\"},\"image\":{\"@id\":\"https:\\\/\\\/www.avdel-vwsv.ch\\\/de\\\/bundesrat-setzt-erstes-paket-des-bundesgesetzes-fuer-eine-sichere-stromversorgung-in-kraft\\\/#primaryimage\"},\"thumbnailUrl\":\"https:\\\/\\\/www.avdel-vwsv.ch\\\/wp-content\\\/uploads\\\/2023\\\/04\\\/Formation-scaled.jpeg\",\"articleSection\":[\"Unkategorisiert\"],\"inLanguage\":\"de\"},{\"@type\":\"WebPage\",\"@id\":\"https:\\\/\\\/www.avdel-vwsv.ch\\\/de\\\/bundesrat-setzt-erstes-paket-des-bundesgesetzes-fuer-eine-sichere-stromversorgung-in-kraft\\\/\",\"url\":\"https:\\\/\\\/www.avdel-vwsv.ch\\\/de\\\/bundesrat-setzt-erstes-paket-des-bundesgesetzes-fuer-eine-sichere-stromversorgung-in-kraft\\\/\",\"name\":\"Bundesrat setzt erstes Paket des Bundesgesetzes f\u00fcr eine sichere Stromversorgung in Kraft - Association valaisanne des distributeurs d&#039;\u00e9lectricit\u00e9\",\"isPartOf\":{\"@id\":\"https:\\\/\\\/www.avdel-vwsv.ch\\\/de\\\/#website\"},\"primaryImageOfPage\":{\"@id\":\"https:\\\/\\\/www.avdel-vwsv.ch\\\/de\\\/bundesrat-setzt-erstes-paket-des-bundesgesetzes-fuer-eine-sichere-stromversorgung-in-kraft\\\/#primaryimage\"},\"image\":{\"@id\":\"https:\\\/\\\/www.avdel-vwsv.ch\\\/de\\\/bundesrat-setzt-erstes-paket-des-bundesgesetzes-fuer-eine-sichere-stromversorgung-in-kraft\\\/#primaryimage\"},\"thumbnailUrl\":\"https:\\\/\\\/www.avdel-vwsv.ch\\\/wp-content\\\/uploads\\\/2023\\\/04\\\/Formation-scaled.jpeg\",\"datePublished\":\"2024-11-20T15:59:59+00:00\",\"dateModified\":\"2025-04-28T15:00:58+00:00\",\"breadcrumb\":{\"@id\":\"https:\\\/\\\/www.avdel-vwsv.ch\\\/de\\\/bundesrat-setzt-erstes-paket-des-bundesgesetzes-fuer-eine-sichere-stromversorgung-in-kraft\\\/#breadcrumb\"},\"inLanguage\":\"de\",\"potentialAction\":[{\"@type\":\"ReadAction\",\"target\":[\"https:\\\/\\\/www.avdel-vwsv.ch\\\/de\\\/bundesrat-setzt-erstes-paket-des-bundesgesetzes-fuer-eine-sichere-stromversorgung-in-kraft\\\/\"]}]},{\"@type\":\"ImageObject\",\"inLanguage\":\"de\",\"@id\":\"https:\\\/\\\/www.avdel-vwsv.ch\\\/de\\\/bundesrat-setzt-erstes-paket-des-bundesgesetzes-fuer-eine-sichere-stromversorgung-in-kraft\\\/#primaryimage\",\"url\":\"https:\\\/\\\/www.avdel-vwsv.ch\\\/wp-content\\\/uploads\\\/2023\\\/04\\\/Formation-scaled.jpeg\",\"contentUrl\":\"https:\\\/\\\/www.avdel-vwsv.ch\\\/wp-content\\\/uploads\\\/2023\\\/04\\\/Formation-scaled.jpeg\",\"width\":2560,\"height\":1707,\"caption\":\"technician engineer team working to service and maintenance solar panel power system on rooftop, solar energy technology industry power electrician\"},{\"@type\":\"BreadcrumbList\",\"@id\":\"https:\\\/\\\/www.avdel-vwsv.ch\\\/de\\\/bundesrat-setzt-erstes-paket-des-bundesgesetzes-fuer-eine-sichere-stromversorgung-in-kraft\\\/#breadcrumb\",\"itemListElement\":[{\"@type\":\"ListItem\",\"position\":1,\"name\":\"Accueil\",\"item\":\"https:\\\/\\\/www.avdel-vwsv.ch\\\/de\\\/\"},{\"@type\":\"ListItem\",\"position\":2,\"name\":\"Bundesrat setzt erstes Paket des Bundesgesetzes f\u00fcr eine sichere Stromversorgung in Kraft\"}]},{\"@type\":\"WebSite\",\"@id\":\"https:\\\/\\\/www.avdel-vwsv.ch\\\/de\\\/#website\",\"url\":\"https:\\\/\\\/www.avdel-vwsv.ch\\\/de\\\/\",\"name\":\"Avdel - Association valaisanne des distributeurs d'\u00e9lectricit\u00e9\",\"description\":\"\",\"publisher\":{\"@id\":\"https:\\\/\\\/www.avdel-vwsv.ch\\\/de\\\/#organization\"},\"potentialAction\":[{\"@type\":\"SearchAction\",\"target\":{\"@type\":\"EntryPoint\",\"urlTemplate\":\"https:\\\/\\\/www.avdel-vwsv.ch\\\/de\\\/?s={search_term_string}\"},\"query-input\":{\"@type\":\"PropertyValueSpecification\",\"valueRequired\":true,\"valueName\":\"search_term_string\"}}],\"inLanguage\":\"de\"},{\"@type\":\"Organization\",\"@id\":\"https:\\\/\\\/www.avdel-vwsv.ch\\\/de\\\/#organization\",\"name\":\"Association valaisanne des distributeurs d'\u00e9lectricit\u00e9\",\"url\":\"https:\\\/\\\/www.avdel-vwsv.ch\\\/de\\\/\",\"logo\":{\"@type\":\"ImageObject\",\"inLanguage\":\"de\",\"@id\":\"https:\\\/\\\/www.avdel-vwsv.ch\\\/de\\\/#\\\/schema\\\/logo\\\/image\\\/\",\"url\":\"https:\\\/\\\/www.avdel-vwsv.ch\\\/wp-content\\\/uploads\\\/2023\\\/04\\\/AVDEL-logo-_couleur.svg\",\"contentUrl\":\"https:\\\/\\\/www.avdel-vwsv.ch\\\/wp-content\\\/uploads\\\/2023\\\/04\\\/AVDEL-logo-_couleur.svg\",\"width\":\"2560\",\"height\":\"1440\",\"caption\":\"Association valaisanne des distributeurs d'\u00e9lectricit\u00e9\"},\"image\":{\"@id\":\"https:\\\/\\\/www.avdel-vwsv.ch\\\/de\\\/#\\\/schema\\\/logo\\\/image\\\/\"}},{\"@type\":\"Person\",\"@id\":\"https:\\\/\\\/www.avdel-vwsv.ch\\\/de\\\/#\\\/schema\\\/person\\\/6e0cf2aa35015c49ee07e596da010c5d\",\"name\":\"avdel\",\"image\":{\"@type\":\"ImageObject\",\"inLanguage\":\"de\",\"@id\":\"https:\\\/\\\/secure.gravatar.com\\\/avatar\\\/863b77d39cec82226d2a2b0974c04f5922a524b6f9d372b10971ab3d5aa60d12?s=96&d=mm&r=g\",\"url\":\"https:\\\/\\\/secure.gravatar.com\\\/avatar\\\/863b77d39cec82226d2a2b0974c04f5922a524b6f9d372b10971ab3d5aa60d12?s=96&d=mm&r=g\",\"contentUrl\":\"https:\\\/\\\/secure.gravatar.com\\\/avatar\\\/863b77d39cec82226d2a2b0974c04f5922a524b6f9d372b10971ab3d5aa60d12?s=96&d=mm&r=g\",\"caption\":\"avdel\"},\"url\":\"https:\\\/\\\/www.avdel-vwsv.ch\\\/de\\\/author\\\/avdel\\\/\"}]}<\/script>\n<!-- \/ Yoast SEO plugin. -->","yoast_head_json":{"title":"Bundesrat setzt erstes Paket des Bundesgesetzes f\u00fcr eine sichere Stromversorgung in Kraft - Association valaisanne des distributeurs d&#039;\u00e9lectricit\u00e9","robots":{"index":"index","follow":"follow","max-snippet":"max-snippet:-1","max-image-preview":"max-image-preview:large","max-video-preview":"max-video-preview:-1"},"canonical":"https:\/\/www.avdel-vwsv.ch\/de\/bundesrat-setzt-erstes-paket-des-bundesgesetzes-fuer-eine-sichere-stromversorgung-in-kraft\/","og_locale":"de_DE","og_type":"article","og_title":"Bundesrat setzt erstes Paket des Bundesgesetzes f\u00fcr eine sichere Stromversorgung in Kraft - Association valaisanne des distributeurs d&#039;\u00e9lectricit\u00e9","og_description":"Das Bundesgesetz \u00fcber eine sichere Stromversorgung mit erneuerbaren Energien wurde von der Schweizer Stimmbev\u00f6lkerung am 9. Juni 2024 angenommen. Den Vollzug der neuen Regelungen hat der Bundesrat am 20. November 2024 in verschiedenen Verordnungen pr\u00e4zisiert. Um der Strombranche gen\u00fcgend Zeit f\u00fcr die Umsetzung gewisser Massnahmen zu geben, setzt er die Gesetzes\u00e4nderungen und die Verordnungen gestaffelt [&hellip;]","og_url":"https:\/\/www.avdel-vwsv.ch\/de\/bundesrat-setzt-erstes-paket-des-bundesgesetzes-fuer-eine-sichere-stromversorgung-in-kraft\/","og_site_name":"Association valaisanne des distributeurs d&#039;\u00e9lectricit\u00e9","article_published_time":"2024-11-20T15:59:59+00:00","article_modified_time":"2025-04-28T15:00:58+00:00","og_image":[{"width":2560,"height":1707,"url":"https:\/\/www.avdel-vwsv.ch\/wp-content\/uploads\/2023\/04\/Formation-scaled.jpeg","type":"image\/jpeg"}],"author":"avdel","twitter_card":"summary_large_image","twitter_misc":{"Verfasst von":"avdel","Gesch\u00e4tzte Lesezeit":"1\u00a0Minute"},"schema":{"@context":"https:\/\/schema.org","@graph":[{"@type":"Article","@id":"https:\/\/www.avdel-vwsv.ch\/de\/bundesrat-setzt-erstes-paket-des-bundesgesetzes-fuer-eine-sichere-stromversorgung-in-kraft\/#article","isPartOf":{"@id":"https:\/\/www.avdel-vwsv.ch\/de\/bundesrat-setzt-erstes-paket-des-bundesgesetzes-fuer-eine-sichere-stromversorgung-in-kraft\/"},"author":{"name":"avdel","@id":"https:\/\/www.avdel-vwsv.ch\/de\/#\/schema\/person\/6e0cf2aa35015c49ee07e596da010c5d"},"headline":"Bundesrat setzt erstes Paket des Bundesgesetzes f\u00fcr eine sichere Stromversorgung in Kraft","datePublished":"2024-11-20T15:59:59+00:00","dateModified":"2025-04-28T15:00:58+00:00","mainEntityOfPage":{"@id":"https:\/\/www.avdel-vwsv.ch\/de\/bundesrat-setzt-erstes-paket-des-bundesgesetzes-fuer-eine-sichere-stromversorgung-in-kraft\/"},"wordCount":89,"publisher":{"@id":"https:\/\/www.avdel-vwsv.ch\/de\/#organization"},"image":{"@id":"https:\/\/www.avdel-vwsv.ch\/de\/bundesrat-setzt-erstes-paket-des-bundesgesetzes-fuer-eine-sichere-stromversorgung-in-kraft\/#primaryimage"},"thumbnailUrl":"https:\/\/www.avdel-vwsv.ch\/wp-content\/uploads\/2023\/04\/Formation-scaled.jpeg","articleSection":["Unkategorisiert"],"inLanguage":"de"},{"@type":"WebPage","@id":"https:\/\/www.avdel-vwsv.ch\/de\/bundesrat-setzt-erstes-paket-des-bundesgesetzes-fuer-eine-sichere-stromversorgung-in-kraft\/","url":"https:\/\/www.avdel-vwsv.ch\/de\/bundesrat-setzt-erstes-paket-des-bundesgesetzes-fuer-eine-sichere-stromversorgung-in-kraft\/","name":"Bundesrat setzt erstes Paket des Bundesgesetzes f\u00fcr eine sichere Stromversorgung in Kraft - Association valaisanne des distributeurs d&#039;\u00e9lectricit\u00e9","isPartOf":{"@id":"https:\/\/www.avdel-vwsv.ch\/de\/#website"},"primaryImageOfPage":{"@id":"https:\/\/www.avdel-vwsv.ch\/de\/bundesrat-setzt-erstes-paket-des-bundesgesetzes-fuer-eine-sichere-stromversorgung-in-kraft\/#primaryimage"},"image":{"@id":"https:\/\/www.avdel-vwsv.ch\/de\/bundesrat-setzt-erstes-paket-des-bundesgesetzes-fuer-eine-sichere-stromversorgung-in-kraft\/#primaryimage"},"thumbnailUrl":"https:\/\/www.avdel-vwsv.ch\/wp-content\/uploads\/2023\/04\/Formation-scaled.jpeg","datePublished":"2024-11-20T15:59:59+00:00","dateModified":"2025-04-28T15:00:58+00:00","breadcrumb":{"@id":"https:\/\/www.avdel-vwsv.ch\/de\/bundesrat-setzt-erstes-paket-des-bundesgesetzes-fuer-eine-sichere-stromversorgung-in-kraft\/#breadcrumb"},"inLanguage":"de","potentialAction":[{"@type":"ReadAction","target":["https:\/\/www.avdel-vwsv.ch\/de\/bundesrat-setzt-erstes-paket-des-bundesgesetzes-fuer-eine-sichere-stromversorgung-in-kraft\/"]}]},{"@type":"ImageObject","inLanguage":"de","@id":"https:\/\/www.avdel-vwsv.ch\/de\/bundesrat-setzt-erstes-paket-des-bundesgesetzes-fuer-eine-sichere-stromversorgung-in-kraft\/#primaryimage","url":"https:\/\/www.avdel-vwsv.ch\/wp-content\/uploads\/2023\/04\/Formation-scaled.jpeg","contentUrl":"https:\/\/www.avdel-vwsv.ch\/wp-content\/uploads\/2023\/04\/Formation-scaled.jpeg","width":2560,"height":1707,"caption":"technician engineer team working to service and maintenance solar panel power system on rooftop, solar energy technology industry power electrician"},{"@type":"BreadcrumbList","@id":"https:\/\/www.avdel-vwsv.ch\/de\/bundesrat-setzt-erstes-paket-des-bundesgesetzes-fuer-eine-sichere-stromversorgung-in-kraft\/#breadcrumb","itemListElement":[{"@type":"ListItem","position":1,"name":"Accueil","item":"https:\/\/www.avdel-vwsv.ch\/de\/"},{"@type":"ListItem","position":2,"name":"Bundesrat setzt erstes Paket des Bundesgesetzes f\u00fcr eine sichere Stromversorgung in Kraft"}]},{"@type":"WebSite","@id":"https:\/\/www.avdel-vwsv.ch\/de\/#website","url":"https:\/\/www.avdel-vwsv.ch\/de\/","name":"Avdel - Association valaisanne des distributeurs d'\u00e9lectricit\u00e9","description":"","publisher":{"@id":"https:\/\/www.avdel-vwsv.ch\/de\/#organization"},"potentialAction":[{"@type":"SearchAction","target":{"@type":"EntryPoint","urlTemplate":"https:\/\/www.avdel-vwsv.ch\/de\/?s={search_term_string}"},"query-input":{"@type":"PropertyValueSpecification","valueRequired":true,"valueName":"search_term_string"}}],"inLanguage":"de"},{"@type":"Organization","@id":"https:\/\/www.avdel-vwsv.ch\/de\/#organization","name":"Association valaisanne des distributeurs d'\u00e9lectricit\u00e9","url":"https:\/\/www.avdel-vwsv.ch\/de\/","logo":{"@type":"ImageObject","inLanguage":"de","@id":"https:\/\/www.avdel-vwsv.ch\/de\/#\/schema\/logo\/image\/","url":"https:\/\/www.avdel-vwsv.ch\/wp-content\/uploads\/2023\/04\/AVDEL-logo-_couleur.svg","contentUrl":"https:\/\/www.avdel-vwsv.ch\/wp-content\/uploads\/2023\/04\/AVDEL-logo-_couleur.svg","width":"2560","height":"1440","caption":"Association valaisanne des distributeurs d'\u00e9lectricit\u00e9"},"image":{"@id":"https:\/\/www.avdel-vwsv.ch\/de\/#\/schema\/logo\/image\/"}},{"@type":"Person","@id":"https:\/\/www.avdel-vwsv.ch\/de\/#\/schema\/person\/6e0cf2aa35015c49ee07e596da010c5d","name":"avdel","image":{"@type":"ImageObject","inLanguage":"de","@id":"https:\/\/secure.gravatar.com\/avatar\/863b77d39cec82226d2a2b0974c04f5922a524b6f9d372b10971ab3d5aa60d12?s=96&d=mm&r=g","url":"https:\/\/secure.gravatar.com\/avatar\/863b77d39cec82226d2a2b0974c04f5922a524b6f9d372b10971ab3d5aa60d12?s=96&d=mm&r=g","contentUrl":"https:\/\/secure.gravatar.com\/avatar\/863b77d39cec82226d2a2b0974c04f5922a524b6f9d372b10971ab3d5aa60d12?s=96&d=mm&r=g","caption":"avdel"},"url":"https:\/\/www.avdel-vwsv.ch\/de\/author\/avdel\/"}]}},"_links":{"self":[{"href":"https:\/\/www.avdel-vwsv.ch\/de\/wp-json\/wp\/v2\/posts\/842","targetHints":{"allow":["GET"]}}],"collection":[{"href":"https:\/\/www.avdel-vwsv.ch\/de\/wp-json\/wp\/v2\/posts"}],"about":[{"href":"https:\/\/www.avdel-vwsv.ch\/de\/wp-json\/wp\/v2\/types\/post"}],"author":[{"embeddable":true,"href":"https:\/\/www.avdel-vwsv.ch\/de\/wp-json\/wp\/v2\/users\/4"}],"replies":[{"embeddable":true,"href":"https:\/\/www.avdel-vwsv.ch\/de\/wp-json\/wp\/v2\/comments?post=842"}],"version-history":[{"count":1,"href":"https:\/\/www.avdel-vwsv.ch\/de\/wp-json\/wp\/v2\/posts\/842\/revisions"}],"predecessor-version":[{"id":843,"href":"https:\/\/www.avdel-vwsv.ch\/de\/wp-json\/wp\/v2\/posts\/842\/revisions\/843"}],"wp:featuredmedia":[{"embeddable":true,"href":"https:\/\/www.avdel-vwsv.ch\/de\/wp-json\/wp\/v2\/media\/419"}],"wp:attachment":[{"href":"https:\/\/www.avdel-vwsv.ch\/de\/wp-json\/wp\/v2\/media?parent=842"}],"wp:term":[{"taxonomy":"category","embeddable":true,"href":"https:\/\/www.avdel-vwsv.ch\/de\/wp-json\/wp\/v2\/categories?post=842"},{"taxonomy":"post_tag","embeddable":true,"href":"https:\/\/www.avdel-vwsv.ch\/de\/wp-json\/wp\/v2\/tags?post=842"}],"curies":[{"name":"wp","href":"https:\/\/api.w.org\/{rel}","templated":true}]}}